{"id":2712,"date":"2023-12-04T16:03:36","date_gmt":"2023-12-04T14:03:36","guid":{"rendered":"https:\/\/efesmoldova.md\/?p=2712"},"modified":"2024-02-12T16:49:30","modified_gmt":"2024-02-12T14:49:30","slug":"sa-fii-inovativ-e-cool","status":"publish","type":"post","link":"https:\/\/efesmoldova.md\/en\/noutati\/sa-fii-inovativ-e-cool\/","title":{"rendered":"Being innovative is cool!"},"content":{"rendered":"<p>Innovation characterizes the spirit of the Efes Moldova team and thus we progress through the ideas of our employees. The An-Idea project gathered a team of employees with aspirations for progress who together put in motion the appearance of the new Finch product in our portfolio. And the appreciation for the effort did not take long to appear by being awarded a top place at the level of the Anadolu Group within the An-Idea project. Recently our colleagues returned from the competition in Istanbul with a trophy that was awarded for the first time to the Efes Moldova team by Tuncay \u00d6zilhan Chairman of the Board of Directors of Anadolu Grubu and Hur\u015fit Zorlu CEO of Anadolu Grubu.<\/p>\n\n\n\n<p>We mention that among the participants in this competition are companies such as: Migros, Coca Cola \u0130\u00e7ecek Grup Ofis, Anadolu Etap, Anadolu Isuzu, Adel and Anadolu Sa\u011fl\u0131k Merkezi.<\/p>\n\n\n\n<p>We congratulate our colleagues and are proud of them! <img decoding=\"async\" height=\"16\" width=\"16\" alt=\"\ud83e\udd29\" src=\"https:\/\/static.xx.fbcdn.net\/images\/emoji.php\/v9\/tb1\/1.5\/16\/1f929.png\"><img decoding=\"async\" height=\"16\" width=\"16\" alt=\"\ud83e\udd73\" src=\"https:\/\/static.xx.fbcdn.net\/images\/emoji.php\/v9\/tc6\/1.5\/16\/1f973.png\"><img decoding=\"async\" height=\"16\" width=\"16\" alt=\"\ud83d\udc4f\" src=\"https:\/\/static.xx.fbcdn.net\/images\/emoji.php\/v9\/t57\/1.5\/16\/1f44f.png\"><\/p>\n\n\n\n<figure class=\"wp-block-image size-large\"><img loading=\"lazy\" decoding=\"async\" width=\"1024\" height=\"648\" src=\"https:\/\/efesmoldova.md\/wp-content\/uploads\/2024\/02\/406477446_844880177433436_1093669768273531447_n-1024x648.jpg\" alt=\"\" class=\"wp-image-2713\" srcset=\"https:\/\/efesmoldova.md\/wp-content\/uploads\/2024\/02\/406477446_844880177433436_1093669768273531447_n-1024x648.jpg 1024w, https:\/\/efesmoldova.md\/wp-content\/uploads\/2024\/02\/406477446_844880177433436_1093669768273531447_n-300x190.jpg 300w, https:\/\/efesmoldova.md\/wp-content\/uploads\/2024\/02\/406477446_844880177433436_1093669768273531447_n-768x486.jpg 768w, https:\/\/efesmoldova.md\/wp-content\/uploads\/2024\/02\/406477446_844880177433436_1093669768273531447_n-1536x972.jpg 1536w, https:\/\/efesmoldova.md\/wp-content\/uploads\/2024\/02\/406477446_844880177433436_1093669768273531447_n-18x12.jpg 18w, https:\/\/efesmoldova.md\/wp-content\/uploads\/2024\/02\/406477446_844880177433436_1093669768273531447_n.jpg 2048w\" sizes=\"(max-width: 1024px) 100vw, 1024px\" \/><\/figure>","protected":false},"excerpt":{"rendered":"<p>Inova\u021bia caracterizeaz\u0103 spiritul echipei Efes Moldova \u0219i astfel progres\u0103m prin ideile angaja\u021bilor no\u0219tri. Proiectul An-Idea a adunat o echip\u0103 de angaja\u021bi cu aspira\u021bii spre progres care \u00eempreun\u0103 au pus pe roate apari\u021bia noului produs Finch \u00een portofoliul nostru. Iar aprecierea pentru efort nu a \u00eent\u00e2rziat s\u0103 apar\u0103 prin premierea cu un loc de top la [&hellip;]<\/p>\n","protected":false},"author":3,"featured_media":2714,"comment_status":"open","ping_status":"open","sticky":false,"template":"","format":"standard","meta":{"om_disable_all_campaigns":false,"_monsterinsights_skip_tracking":false,"_monsterinsights_sitenote_active":false,"_monsterinsights_sitenote_note":"","_monsterinsights_sitenote_category":0,"footnotes":""},"categories":[69],"tags":[],"class_list":["post-2712","post","type-post","status-publish","format-standard","has-post-thumbnail","hentry","category-noutati"],"acf":[],"aioseo_notices":[],"_links":{"self":[{"href":"https:\/\/efesmoldova.md\/en\/wp-json\/wp\/v2\/posts\/2712","targetHints":{"allow":["GET"]}}],"collection":[{"href":"https:\/\/efesmoldova.md\/en\/wp-json\/wp\/v2\/posts"}],"about":[{"href":"https:\/\/efesmoldova.md\/en\/wp-json\/wp\/v2\/types\/post"}],"author":[{"embeddable":true,"href":"https:\/\/efesmoldova.md\/en\/wp-json\/wp\/v2\/users\/3"}],"replies":[{"embeddable":true,"href":"https:\/\/efesmoldova.md\/en\/wp-json\/wp\/v2\/comments?post=2712"}],"version-history":[{"count":0,"href":"https:\/\/efesmoldova.md\/en\/wp-json\/wp\/v2\/posts\/2712\/revisions"}],"wp:featuredmedia":[{"embeddable":true,"href":"https:\/\/efesmoldova.md\/en\/wp-json\/wp\/v2\/media\/2714"}],"wp:attachment":[{"href":"https:\/\/efesmoldova.md\/en\/wp-json\/wp\/v2\/media?parent=2712"}],"wp:term":[{"taxonomy":"category","embeddable":true,"href":"https:\/\/efesmoldova.md\/en\/wp-json\/wp\/v2\/categories?post=2712"},{"taxonomy":"post_tag","embeddable":true,"href":"https:\/\/efesmoldova.md\/en\/wp-json\/wp\/v2\/tags?post=2712"}],"curies":[{"name":"wp","href":"https:\/\/api.w.org\/{rel}","templated":true}]}}